{"id":635,"date":"2022-10-10T12:30:00","date_gmt":"2022-10-10T12:30:00","guid":{"rendered":"https:\/\/www.mundobebeorihuela.es\/blog\/?p=635"},"modified":"2022-12-27T12:40:27","modified_gmt":"2022-12-27T12:40:27","slug":"despues-baja-maternal-solicitar-paro","status":"publish","type":"post","link":"https:\/\/www.mundobebeorihuela.es\/blog\/despues-baja-maternal-solicitar-paro\/","title":{"rendered":"<strong>\u00bfDespu\u00e9s de la baja maternal se puede solicitar el paro? Conoce la respuesta a esta y otras preguntas<\/strong>"},"content":{"rendered":"\n<p>Una pregunta muy frecuente entre muchas mujeres es que si <strong>despu\u00e9s de la baja maternal se puede solicitar el paro,<\/strong> por lo que aqu\u00ed te vamos a dar la respuesta.<\/p>\n\n\n\n<p>Lo primero que hay que saber es que la baja maternal o baja de maternidad es una de las prestaciones m\u00e1s valiosas para las trabajadoras de Espa\u00f1a, pero \u00bfde qu\u00e9 se trata exactamente?<\/p>\n\n\n\n<p>La realidad es que es una prestaci\u00f3n econ\u00f3mica, cuyo objetivo es cubrir la p\u00e9rdida de ingresos que sufren los trabajadores cuando su contrato se suspende o interrumpe por maternidad, adopci\u00f3n, acogimiento familiar, entre otros motivos parecidos.<\/p>\n\n\n\n<p>Se trata de un derecho recogido por la legislaci\u00f3n laboral, del que pueden beneficiarse trabajadores por cuenta ajena y aut\u00f3nomos, incluidos los contratados por tiempo parcial.<\/p>\n\n\n\n<p>Pero, <strong>\u00bfqu\u00e9 pasa si te encuentras en paro o si finaliza tu contrato mientras te encuentras con esta prestaci\u00f3n?<\/strong> Es momento de saberlo.<\/p>\n\n\n\n<h2 class=\"wp-block-heading\"><strong>Descubre aqu\u00ed si despu\u00e9s de la baja maternal puedes solicitar el paro<\/strong><\/h2>\n\n\n\n<p>Si ya est\u00e1s de baja de maternidad y finaliza tu contrato, <strong>seguir\u00e1s cobrando esta prestaci\u00f3n hasta finalizar las 16 semanas.<\/strong><\/p>\n\n\n\n<p>Posteriormente, al finalizar la baja podr\u00e1s pedir la prestaci\u00f3n por desempleo si te corresponde. Es relevante aclarar que no se descuentan de la duraci\u00f3n del paro los d\u00edas que est\u00e1s de baja por maternidad.<\/p>\n\n\n\n<p><strong>El pago de la misma ser\u00e1 responsabilidad de la Seguridad Social o de la mutua laboral de tu empresa, seg\u00fan el caso<\/strong>. En su momento se te indicar\u00e1 a donde debes ir.<\/p>\n\n\n\n<p>Tambi\u00e9n puede ocurrir el caso contrario, que ya est\u00e9s en el paro y necesites pedir la baja por maternidad. <strong>Bajo esta situaci\u00f3n se suspende el pago de la prestaci\u00f3n por desempleo y la Seguridad Social te abonar\u00e1 la baja por maternidad durante 16 semanas como m\u00e1ximo.<\/strong><\/p>\n\n\n\n<h3 class=\"wp-block-heading\"><strong>\u00bfCu\u00e1nto se cobra por baja maternidad si estoy en paro?<\/strong><\/h3>\n\n\n\n<p>La prestaci\u00f3n por maternidad de la Seguridad Social <strong>es un subsidio del 100 % de tu base reguladora, es decir, lo que tu empresa cotiza por ti.<\/strong> Esto se traduce en que cobrar\u00e1s tu n\u00f3mina regular durante los siguientes 4 meses de baja, como si estuvieras trabajando (aunque hay algunos casos excepcionales).<\/p>\n\n\n\n<p>Si trabajas por tu cuenta la cantidad de cobro ser\u00e1 por la que cotices. Por lo que s\u00ed cotizas por la base m\u00ednima de 289 euros al mes, el cobro ser\u00e1 de 944 euros por cada mes de baja maternal.<\/p>\n\n\n\n<h2 class=\"wp-block-heading\"><strong>Se me acaba el paro y estoy embarazada, \u00bfqu\u00e9 debo hacer?<\/strong><\/h2>\n\n\n\n<p><strong>Lo primero que debes hacer si se te acaba el paro y est\u00e1s embarazada es informar a tu empleador o instituci\u00f3n<\/strong>. Para ello hay que descargar e imprimir un modelo, el cual vas a rellenar con los datos que correspondan en la secci\u00f3n de maternidad\/paternidad.<\/p>\n\n\n\n<p>A esto le sumas la documentaci\u00f3n pertinente:<\/p>\n\n\n\n<ul class=\"wp-block-list\">\n<li>Libro de familia o papel de acreditaci\u00f3n de adopci\u00f3n.<\/li>\n\n\n\n<li>Informe de maternidad o la situaci\u00f3n que se aplique a tu caso.<\/li>\n<\/ul>\n\n\n\n<p>Posteriormente el pago del paro quedar\u00e1 suspendido, mientras el Instituto Nacional de la Seguridad Social comienzar\u00e1 a abonar la prestaci\u00f3n social para tu beneficio por maternidad.<\/p>\n\n\n\n<p>Esto hasta que el tr\u00e1mite se realice ante el SEPE (INEM), quienes suspender\u00e1n la prestaci\u00f3n por desempleo. Este organismo tambi\u00e9n te entregar\u00e1 una copia del documento con la fecha y la acreditaci\u00f3n del motivo de la baja.<\/p>\n\n\n\n<p>Finalmente, <strong>debes dirigirte nuevamente a las oficinas del Instituto Nacional de la Seguridad Social<\/strong>, para pedir el pago correspondiente a la prestaci\u00f3n maternal\/paternal al mismo personal.<\/p>\n\n\n\n<p><strong>Ahora ya sabes que despu\u00e9s de la baja maternal se puede solicitar el paro y cuentas con toda la informaci\u00f3n relevante para hacerlo<\/strong>. Recuerda que en Mundo Beb\u00e9 queremos acompa\u00f1arte en cada una de las fases de tu beb\u00e9, incluso cuando debes hacer este tipo de tr\u00e1mites.<\/p>\n\n\n\n<p><strong>Tambi\u00e9n te puede interesar:<\/strong><\/p>\n\n\n\n<p>&gt;&gt; <a href=\"https:\/\/www.mundobebeorihuela.es\/blog\/que-carrito-de-bebe-comprar\/\">\u00bfQu\u00e9 carrito de beb\u00e9 comprar? Te contamos lo que debes saber<\/a><\/p>\n","protected":false},"excerpt":{"rendered":"<p>Una pregunta muy frecuente entre muchas mujeres es que si despu\u00e9s de la baja maternal se puede solicitar el paro, por lo que aqu\u00ed te vamos a dar la respuesta. Lo primero que hay que saber es que la baja maternal o baja de maternidad es una de las prestaciones m\u00e1s valiosas para las trabajadoras [&hellip;]<\/p>\n","protected":false},"author":1,"featured_media":637,"comment_status":"open","ping_status":"open","sticky":false,"template":"","format":"standard","meta":{"footnotes":""},"categories":[1],"tags":[],"class_list":["post-635","post","type-post","status-publish","format-standard","has-post-thumbnail","hentry","category-otros"],"acf":{"destacado":false},"_links":{"self":[{"href":"https:\/\/www.mundobebeorihuela.es\/blog\/wp-json\/wp\/v2\/posts\/635","targetHints":{"allow":["GET"]}}],"collection":[{"href":"https:\/\/www.mundobebeorihuela.es\/blog\/wp-json\/wp\/v2\/posts"}],"about":[{"href":"https:\/\/www.mundobebeorihuela.es\/blog\/wp-json\/wp\/v2\/types\/post"}],"author":[{"embeddable":true,"href":"https:\/\/www.mundobebeorihuela.es\/blog\/wp-json\/wp\/v2\/users\/1"}],"replies":[{"embeddable":true,"href":"https:\/\/www.mundobebeorihuela.es\/blog\/wp-json\/wp\/v2\/comments?post=635"}],"version-history":[{"count":3,"href":"https:\/\/www.mundobebeorihuela.es\/blog\/wp-json\/wp\/v2\/posts\/635\/revisions"}],"predecessor-version":[{"id":639,"href":"https:\/\/www.mundobebeorihuela.es\/blog\/wp-json\/wp\/v2\/posts\/635\/revisions\/639"}],"wp:featuredmedia":[{"embeddable":true,"href":"https:\/\/www.mundobebeorihuela.es\/blog\/wp-json\/wp\/v2\/media\/637"}],"wp:attachment":[{"href":"https:\/\/www.mundobebeorihuela.es\/blog\/wp-json\/wp\/v2\/media?parent=635"}],"wp:term":[{"taxonomy":"category","embeddable":true,"href":"https:\/\/www.mundobebeorihuela.es\/blog\/wp-json\/wp\/v2\/categories?post=635"},{"taxonomy":"post_tag","embeddable":true,"href":"https:\/\/www.mundobebeorihuela.es\/blog\/wp-json\/wp\/v2\/tags?post=635"}],"curies":[{"name":"wp","href":"https:\/\/api.w.org\/{rel}","templated":true}]}}